{"id":7572,"date":"2019-07-01T08:07:48","date_gmt":"2019-07-01T06:07:48","guid":{"rendered":"http:\/\/blog.actn.fr\/?p=7572"},"modified":"2019-07-01T08:07:48","modified_gmt":"2019-07-01T06:07:48","slug":"repensez-votre-facon-de-travailler-avec-sennheiser","status":"publish","type":"post","link":"https:\/\/blog.actn.fr\/?p=7572","title":{"rendered":"Repensez votre fa\u00e7on de travailler avec Sennheiser"},"content":{"rendered":"<p>\t\t\t\t<![CDATA[\n\n<h3><img loading=\"lazy\" decoding=\"async\" class=\"alignnone size-full wp-image-7579\" src=\"http:\/\/blog.actn.fr\/wp-content\/uploads\/2019\/06\/glider_190701-sennheiser.jpg\" alt=\"\" width=\"980\" height=\"389\" \/><\/h3>\n\n\n\n\n<h3 style=\"text-align: justify;\"><strong>Jusqu\u2019\u00e0 30 % des employ\u00e9s dans des espaces de travail ouverts sont g\u00ean\u00e9s par le bruit.<\/strong><\/h3>\n\n\n\n\n<p style=\"text-align: justify;\"><strong>Sennheiser<\/strong> vous aide \u00e0 choisir le bon \u00e9quipement audio en fonction de votre environnement de travail et de vos habitudes. <a href=\"https:\/\/fr-fr.sennheiser.com\/open-workspaces\" target=\"_blank\" rel=\"noopener noreferrer\">En savoir + \u00bb<\/a><\/p>\n\n\n\n\n\n<h3><\/h3>\n\n\n\n\n<h3 style=\"text-align: justify;\"><strong>Quelques chiffres<\/strong><\/h3>\n\n\n<img loading=\"lazy\" decoding=\"async\" class=\"alignnone size-full wp-image-7575 aligncenter\" src=\"http:\/\/blog.actn.fr\/wp-content\/uploads\/2019\/06\/190701-sennheiser_stat.jpg\" alt=\"\" width=\"719\" height=\"390\" \/>\n\n\n<p style=\"text-align: justify;\"><strong>Nos espaces de travail \u00e9voluent. <\/strong><\/p>\n\n\n\n\n<p style=\"text-align: justify;\">En 2017, aux Etats-Unis, 70\u00a0% des bureaux \u00e9taient des espaces ouverts.<\/p>\n\n\n\n\n<p style=\"text-align: justify;\">Le passage de bureaux et de box plus traditionnels \u00e0 des espaces de travail ouverts a aid\u00e9 les entreprises \u00e0 \u00eatre plus innovantes, cr\u00e9atives et \u00e0 mieux partager les connaissances.<\/p>\n\n\n\n\n<p style=\"text-align: justify;\">Toutefois, il a \u00e9galement apport\u00e9 son lot de d\u00e9fis comme une diminution de la productivit\u00e9 et davantage de bruit, d\u2019interruptions et de distractions.<\/p>\n\n\n\n\n<p style=\"text-align: justify;\"><a href=\"https:\/\/fr-fr.sennheiser.com\/open-workspaces\" target=\"_blank\" rel=\"noopener noreferrer\">D\u00e9couvrez comment Sennheiser peut vous aider \u00e0 \u00eatre plus productif \u00bb<\/a><\/p>\n\n\n&nbsp;\n\n\n<h3><strong>Concentration. Communication. Collaboration.<\/strong><\/h3>\n\n\n<strong>Accomplissez plus avec les solutions audio Sennheiser<\/strong>\n\nT\u00e9l\u00e9chargez les guides Sennheiser :\n\n\n<ul>\n \t\n\n<li><a href=\"https:\/\/www.actn.fr\/download\/1464 CheatSheet_EMEA_FR.pdf\" target=\"_blank\" rel=\"noopener noreferrer\">Choisir le bon micro-casque<\/a><\/li>\n\n\n \t\n\n<li><a href=\"https:\/\/www.actn.fr\/download\/_1403 User Profile Overview_2019_210x279_EMEA_FR.pdf\" target=\"_blank\" rel=\"noopener noreferrer\">Solutions par type d&rsquo;usage<\/a><\/li>\n\n\n \t\n\n<li><a href=\"https:\/\/www.actn.fr\/download\/Sennheiser_Handout_105x279_4p_FR.pdf\" target=\"_blank\" rel=\"noopener noreferrer\">Guide \u00ab\u00a0Reimagine the way your work 2019\u00a0\u00bb<\/a><\/li>\n\n\n<\/ul>\n\n\n&nbsp;\n\n&nbsp;\n\n\n<h3><strong>Vid\u00e9o officielle de la campagne\n\u00ab\u00a0Reimagine the way you work\u00a0\u00bb<\/strong><\/h3>\n\n\n\n\n<div align=\"center\"><iframe loading=\"lazy\" src=\"https:\/\/www.youtube.com\/embed\/4kfXdFwP-Ro\" width=\"560\" height=\"315\" frameborder=\"0\" allowfullscreen=\"allowfullscreen\"><\/iframe><\/div>\n\n\n&nbsp;\n\n\n<h3><span id=\"result_box\" class=\"\" lang=\"fr\"><strong><span class=\"\">+ D\u2019INFO\n<\/span><\/strong><\/span><\/h3>\n\n\n<strong><a href=\"https:\/\/www.actn.fr\/productlistGen14.php?tsearch=MARQSEARCH&amp;MRQ=SENN&amp;NIV1=TEL&amp;NIV2=MIC&amp;NIV3=&amp;NIV4=&amp;NIV5=&amp;NIVFAM=\" target=\"_blank\" rel=\"noopener noreferrer\">Voir la gamme Sennheiser disponible \u00bb<\/a><\/strong>\nPour en savoir davantage sur l\u2019offre Sennheiser et la gamme t\u00e9l\u00e9phonie d\u2019ACTN, contactez notre service commercial <strong>05 62 487 485.<\/strong>]]>\t\t<\/p>\n<!-- AddThis Advanced Settings generic via filter on the_content --><!-- AddThis Share Buttons generic via filter on the_content -->","protected":false},"excerpt":{"rendered":"<a href=\"https:\/\/blog.actn.fr\/?p=7572\"><\/a><p>\t\t\t\t<![CDATA[]]>\t\t<!-- AddThis Advanced Settings generic via filter on get_the_excerpt --><!-- AddThis Share Buttons generic via filter on get_the_excerpt --><\/p>\n","protected":false},"author":2,"featured_media":7573,"comment_status":"open","ping_status":"open","sticky":false,"template":"","format":"standard","meta":{"rop_custom_images_group":[],"rop_custom_messages_group":[],"rop_publish_now":"initial","rop_publish_now_accounts":[],"rop_publish_now_history":[],"rop_publish_now_status":"pending","_price":"","_stock":"","_tribe_ticket_header":"","_tribe_default_ticket_provider":"","_tribe_ticket_capacity":"0","_ticket_start_date":"","_ticket_end_date":"","_tribe_ticket_show_description":"","_tribe_ticket_show_not_going":false,"_tribe_ticket_use_global_stock":"","_tribe_ticket_global_stock_level":"","_global_stock_mode":"","_global_stock_cap":"","_tribe_rsvp_for_event":"","_tribe_ticket_going_count":"","_tribe_ticket_not_going_count":"","_tribe_tickets_list":"[]","_tribe_ticket_has_attendee_info_fields":false,"_jetpack_memberships_contains_paid_content":false,"footnotes":""},"categories":[29],"tags":[170,762,1101,1195,1340],"class_list":["post-7572","post","type-post","status-publish","format-standard","has-post-thumbnail","hentry","category-sennheiser","tag-audio","tag-micro-casque","tag-sennheiser","tag-telecom","tag-voip"],"jetpack_featured_media_url":"","jetpack_sharing_enabled":true,"_links":{"self":[{"href":"https:\/\/blog.actn.fr\/index.php?rest_route=\/wp\/v2\/posts\/7572","targetHints":{"allow":["GET"]}}],"collection":[{"href":"https:\/\/blog.actn.fr\/index.php?rest_route=\/wp\/v2\/posts"}],"about":[{"href":"https:\/\/blog.actn.fr\/index.php?rest_route=\/wp\/v2\/types\/post"}],"author":[{"embeddable":true,"href":"https:\/\/blog.actn.fr\/index.php?rest_route=\/wp\/v2\/users\/2"}],"replies":[{"embeddable":true,"href":"https:\/\/blog.actn.fr\/index.php?rest_route=%2Fwp%2Fv2%2Fcomments&post=7572"}],"version-history":[{"count":0,"href":"https:\/\/blog.actn.fr\/index.php?rest_route=\/wp\/v2\/posts\/7572\/revisions"}],"wp:featuredmedia":[{"embeddable":true,"href":"https:\/\/blog.actn.fr\/index.php?rest_route=\/"}],"wp:attachment":[{"href":"https:\/\/blog.actn.fr\/index.php?rest_route=%2Fwp%2Fv2%2Fmedia&parent=7572"}],"wp:term":[{"taxonomy":"category","embeddable":true,"href":"https:\/\/blog.actn.fr\/index.php?rest_route=%2Fwp%2Fv2%2Fcategories&post=7572"},{"taxonomy":"post_tag","embeddable":true,"href":"https:\/\/blog.actn.fr\/index.php?rest_route=%2Fwp%2Fv2%2Ftags&post=7572"}],"curies":[{"name":"wp","href":"https:\/\/api.w.org\/{rel}","templated":true}]}}