{"id":8593,"date":"2020-05-11T09:44:47","date_gmt":"2020-05-11T07:44:47","guid":{"rendered":"http:\/\/blog.actn.fr\/?p=8593"},"modified":"2020-05-11T09:44:47","modified_gmt":"2020-05-11T07:44:47","slug":"presentation-en-video-de-la-camera-de-conference-aver-cam340","status":"publish","type":"post","link":"https:\/\/blog.actn.fr\/?p=8593","title":{"rendered":"Pr\u00e9sentation en vid\u00e9o de la cam\u00e9ra de conf\u00e9rence AVer CAM340+"},"content":{"rendered":"<p>\t\t\t\t<![CDATA[<img loading=\"lazy\" decoding=\"async\" class=\"size-full wp-image-8594 aligncenter\" src=\"http:\/\/blog.actn.fr\/wp-content\/uploads\/2020\/05\/CAM340PLUS.jpg\" alt=\"\" width=\"600\" height=\"338\" \/>\n\n\n<h3 style=\"text-align: justify;\">L&rsquo;essentiel \u00e0 savoir sur la cam\u00e9ra CAM340+<\/h3>\n\n\n\n\n<p style=\"text-align: justify;\"><strong>Cam\u00e9ra de conf\u00e9rence pour petites salles de r\u00e9union<\/strong>\nD\u00e9ballez, d\u00e9ployez, connectez et d\u00e9marrez \u00e0 l&rsquo;instant une exp\u00e9rience de communication vid\u00e9o de derni\u00e8re g\u00e9n\u00e9ration depuis votre petite salle de r\u00e9union ou de conf\u00e9rence.<\/p>\n\n\n\n\n\n<ul>\n \t\n\n<li>Capteur Sony Ultra 4K<\/li>\n\n\n \t\n\n<li>USB 3.1<\/li>\n\n\n \t\n\n<li>Plug and play<\/li>\n\n\n \t\n\n<li>Garantie 3+2<\/li>\n\n\n<\/ul>\n\n\n&nbsp;\n\n\n<div align=\"center\"><iframe loading=\"lazy\" src=\"https:\/\/app.gotowebinar.com\/unified\/index.html#\/embedded\/recording\/f6392824fcbe42ca95b4c73311267cc6?source=G2S-EMBEDDED\" width=\"640\" height=\"360\" frameborder=\"0\" allowfullscreen=\"allowfullscreen\"><\/iframe><\/div>\n\n\n&nbsp;\n\n\n<h3><strong>\u00c0 propos d\u2019AVer<\/strong><\/h3>\n\n\n\n\n<p style=\"text-align: justify;\">AVer est un fabricant reconnu de syst\u00e8mes de vid\u00e9oconf\u00e9rences et de cam\u00e9ras de documents, occupant une place importante sur ces deux march\u00e9s. Les nouvelles Classes Mobiles viennent d\u00e9sormais s\u2019ajouter \u00e0 ces offres pour faire d\u2019AVer un acteur incontournable dans les secteurs des TICE et de la communication vid\u00e9o.<\/p>\n\n\n\n\n\n<h3><strong>+ D\u2019INFO<\/strong><\/h3>\n\n\n<a href=\"https:\/\/www.actn.fr\/download\/aver2020.pdf\" target=\"_blank\" rel=\"noopener noreferrer\"><strong>T\u00e9l\u00e9chargez le catalogue AVer 2020 \u00bb<\/strong><\/a>\n<a href=\"https:\/\/www.actn.fr\/productlistgen14.php?tsearch=MARQSEARCH&amp;MRQ=AVR\" target=\"_blank\" rel=\"noopener noreferrer\">Voir la gamme AVer disponible chez ACTN \u00bb<\/a>\n<a href=\"https:\/\/fr.avereurope.com\/default.aspx\" target=\"_blank\" rel=\"noopener noreferrer\">En savoir + sur AVer \u00bb<\/a>\n\nPour en savoir plus sur AVer et les tarifs, contactez notre service commercial au <strong>05 62 488 488<\/strong>]]>\t\t<\/p>\n<!-- AddThis Advanced Settings generic via filter on the_content --><!-- AddThis Share Buttons generic via filter on the_content -->","protected":false},"excerpt":{"rendered":"<a href=\"https:\/\/blog.actn.fr\/?p=8593\"><\/a><p>\t\t\t\t<![CDATA[]]>\t\t<!-- AddThis Advanced Settings generic via filter on get_the_excerpt --><!-- AddThis Share Buttons generic via filter on get_the_excerpt --><\/p>\n","protected":false},"author":2,"featured_media":8594,"comment_status":"open","ping_status":"open","sticky":false,"template":"","format":"standard","meta":{"rop_custom_images_group":[],"rop_custom_messages_group":[],"rop_publish_now":"initial","rop_publish_now_accounts":[],"rop_publish_now_history":[],"rop_publish_now_status":"pending","_price":"","_stock":"","_tribe_ticket_header":"","_tribe_default_ticket_provider":"","_tribe_ticket_capacity":"0","_ticket_start_date":"","_ticket_end_date":"","_tribe_ticket_show_description":"","_tribe_ticket_show_not_going":false,"_tribe_ticket_use_global_stock":"","_tribe_ticket_global_stock_level":"","_global_stock_mode":"","_global_stock_cap":"","_tribe_rsvp_for_event":"","_tribe_ticket_going_count":"","_tribe_ticket_not_going_count":"","_tribe_tickets_list":"[]","_tribe_ticket_has_attendee_info_fields":false,"_jetpack_memberships_contains_paid_content":false,"footnotes":""},"categories":[55],"tags":[180,236,238,1318,1328,1364],"class_list":["post-8593","post","type-post","status-publish","format-standard","has-post-thumbnail","hentry","category-aver","tag-aver","tag-cam340","tag-camera","tag-videoconference","tag-visioconference","tag-webconference"],"jetpack_featured_media_url":"","jetpack_sharing_enabled":true,"_links":{"self":[{"href":"https:\/\/blog.actn.fr\/index.php?rest_route=\/wp\/v2\/posts\/8593","targetHints":{"allow":["GET"]}}],"collection":[{"href":"https:\/\/blog.actn.fr\/index.php?rest_route=\/wp\/v2\/posts"}],"about":[{"href":"https:\/\/blog.actn.fr\/index.php?rest_route=\/wp\/v2\/types\/post"}],"author":[{"embeddable":true,"href":"https:\/\/blog.actn.fr\/index.php?rest_route=\/wp\/v2\/users\/2"}],"replies":[{"embeddable":true,"href":"https:\/\/blog.actn.fr\/index.php?rest_route=%2Fwp%2Fv2%2Fcomments&post=8593"}],"version-history":[{"count":0,"href":"https:\/\/blog.actn.fr\/index.php?rest_route=\/wp\/v2\/posts\/8593\/revisions"}],"wp:featuredmedia":[{"embeddable":true,"href":"https:\/\/blog.actn.fr\/index.php?rest_route=\/"}],"wp:attachment":[{"href":"https:\/\/blog.actn.fr\/index.php?rest_route=%2Fwp%2Fv2%2Fmedia&parent=8593"}],"wp:term":[{"taxonomy":"category","embeddable":true,"href":"https:\/\/blog.actn.fr\/index.php?rest_route=%2Fwp%2Fv2%2Fcategories&post=8593"},{"taxonomy":"post_tag","embeddable":true,"href":"https:\/\/blog.actn.fr\/index.php?rest_route=%2Fwp%2Fv2%2Ftags&post=8593"}],"curies":[{"name":"wp","href":"https:\/\/api.w.org\/{rel}","templated":true}]}}